{"id":5291,"date":"2022-03-04T23:31:41","date_gmt":"2022-03-05T05:31:41","guid":{"rendered":"http:\/\/www.utsv.com.mx\/wp\/?p=5291"},"modified":"2022-03-04T23:40:59","modified_gmt":"2022-03-05T05:40:59","slug":"utsvyayuntamientomedioambiente","status":"publish","type":"post","link":"http:\/\/www.utsv.com.mx\/wp\/2022\/03\/04\/utsvyayuntamientomedioambiente\/","title":{"rendered":"Universidad Tecnol\u00f3gica del Sureste de Veracruz y H. Ayuntamiento de Nanchital, instalan el Consejo Municipal de Medio Ambiente y Desarrollo Sustentable."},"content":{"rendered":"\n<figure class=\"wp-block-image size-large\"><img loading=\"lazy\" decoding=\"async\" width=\"1024\" height=\"683\" src=\"http:\/\/www.utsv.com.mx\/wp\/wp-content\/uploads\/2022\/03\/WhatsApp-Image-2022-03-03-at-7.09.25-PM-3-1024x683.jpeg\" alt=\"\" class=\"wp-image-5292\" srcset=\"http:\/\/www.utsv.com.mx\/wp\/wp-content\/uploads\/2022\/03\/WhatsApp-Image-2022-03-03-at-7.09.25-PM-3-1024x683.jpeg 1024w, http:\/\/www.utsv.com.mx\/wp\/wp-content\/uploads\/2022\/03\/WhatsApp-Image-2022-03-03-at-7.09.25-PM-3-300x200.jpeg 300w, http:\/\/www.utsv.com.mx\/wp\/wp-content\/uploads\/2022\/03\/WhatsApp-Image-2022-03-03-at-7.09.25-PM-3-768x512.jpeg 768w, http:\/\/www.utsv.com.mx\/wp\/wp-content\/uploads\/2022\/03\/WhatsApp-Image-2022-03-03-at-7.09.25-PM-3.jpeg 1280w\" sizes=\"auto, (max-width: 767px) 89vw, (max-width: 1000px) 54vw, (max-width: 1071px) 543px, 580px\" \/><\/figure>\n\n\n\n<p>El d\u00eda de ayer, 03 de Marzo del 2022, en las instalaciones de la Casa de Cultura del municipio de Nanchital se llev\u00f3 a cabo la instalaci\u00f3n del Consejo Municipal de Medio Ambiente y Desarrollo Sustentable, contando con la presencia de la Presidenta Municipal, Esmeralda Mora Zamudio, el S\u00edndico, F\u00e9lix Olarte Ferral; regidor primero, Elvis Ventura Ju\u00e1rez; regidora segunda, Rosa Elena Alem\u00e1n Sierra; regidora tercera, Virginia Bartolo Lagunes; as\u00ed como la Biologa Xitlally Fabiola Jim\u00e9nez Cruz, jefa del departamento de Ecolog\u00eda, Parques y Jard\u00ednes; por parte de la Universidad estuvieron presentes, los Profesores de Tiempo Completo, MC Omar Mart\u00ednez Jim\u00e9nez y MC \u00c1ngel Antonio Espejel y Profesor de Asignatura Ing. \u00c1ngel Lagunes S\u00e1nchez, integrantes del Cuerpo Acad\u00e9mico <strong>Ingenier\u00eda, procesos y sostenibilidad <\/strong>compartiendo las L\u00edneas Innovadoras de Investigaci\u00f3n Aplicada o Desarrollo Tecnol\u00f3gico, Calidad de agua potable y residual, y Sostenibilidad ambiental.<\/p>\n\n\n\n<p>Esto como lo marca uno de nuestros objetivos de calidad; \u201cinfluir en el \u00e1mbito social mediante programas que contribuyan al desarrollo de la sociedad, para fortalecer la presencia de la Universidad\u201d en un ambiente de cordialidad con el H. Ayuntamiento encabezado por la alcaldesa Esmeralda Mora; como parte de los trabajos que se vienen desarrollando entre ambas partes.<\/p>\n\n\n\n<p>Como lo marca el municipio, conjuntar esfuerzos entre la ciudadan\u00eda, academia, sociedad civil y gobierno municipal para mejorar la calidad de vida y desarrollo humanos de las y los veracruzanos.<\/p>\n\n\n\n<p><strong>\u201cSomos un mejor futuro para ti\u201d\u201d<\/strong><\/p>\n\n\n\n<figure class=\"wp-block-image size-large\"><img loading=\"lazy\" decoding=\"async\" width=\"1024\" height=\"683\" src=\"http:\/\/www.utsv.com.mx\/wp\/wp-content\/uploads\/2022\/03\/WhatsApp-Image-2022-03-03-at-7.09.25-PM-1024x683.jpeg\" alt=\"\" class=\"wp-image-5294\" srcset=\"http:\/\/www.utsv.com.mx\/wp\/wp-content\/uploads\/2022\/03\/WhatsApp-Image-2022-03-03-at-7.09.25-PM-1024x683.jpeg 1024w, http:\/\/www.utsv.com.mx\/wp\/wp-content\/uploads\/2022\/03\/WhatsApp-Image-2022-03-03-at-7.09.25-PM-300x200.jpeg 300w, http:\/\/www.utsv.com.mx\/wp\/wp-content\/uploads\/2022\/03\/WhatsApp-Image-2022-03-03-at-7.09.25-PM-768x512.jpeg 768w, http:\/\/www.utsv.com.mx\/wp\/wp-content\/uploads\/2022\/03\/WhatsApp-Image-2022-03-03-at-7.09.25-PM.jpeg 1280w\" sizes=\"auto, (max-width: 767px) 89vw, (max-width: 1000px) 54vw, (max-width: 1071px) 543px, 580px\" \/><\/figure>\n\n\n\n<p><\/p>\n","protected":false},"excerpt":{"rendered":"<p>El d\u00eda de ayer, 03 de Marzo del 2022, en las instalaciones de la Casa de Cultura del municipio de Nanchital se llev\u00f3 a cabo la instalaci\u00f3n del Consejo Municipal de Medio Ambiente y Desarrollo Sustentable, contando con la presencia de la Presidenta Municipal, Esmeralda Mora Zamudio, el S\u00edndico, F\u00e9lix Olarte Ferral; regidor primero, Elvis &hellip; <\/p>\n<p class=\"link-more\"><a href=\"http:\/\/www.utsv.com.mx\/wp\/2022\/03\/04\/utsvyayuntamientomedioambiente\/\" class=\"more-link\">Continuar leyendo<span class=\"screen-reader-text\"> &#8220;Universidad Tecnol\u00f3gica del Sureste de Veracruz y H. Ayuntamiento de Nanchital, instalan el Consejo Municipal de Medio Ambiente y Desarrollo Sustentable.&#8221;<\/span><\/a><\/p>\n","protected":false},"author":4,"featured_media":0,"comment_status":"closed","ping_status":"open","sticky":false,"template":"","format":"standard","meta":{"footnotes":""},"categories":[5],"tags":[],"class_list":["post-5291","post","type-post","status-publish","format-standard","hentry","category-general"],"_links":{"self":[{"href":"http:\/\/www.utsv.com.mx\/wp\/wp-json\/wp\/v2\/posts\/5291","targetHints":{"allow":["GET"]}}],"collection":[{"href":"http:\/\/www.utsv.com.mx\/wp\/wp-json\/wp\/v2\/posts"}],"about":[{"href":"http:\/\/www.utsv.com.mx\/wp\/wp-json\/wp\/v2\/types\/post"}],"author":[{"embeddable":true,"href":"http:\/\/www.utsv.com.mx\/wp\/wp-json\/wp\/v2\/users\/4"}],"replies":[{"embeddable":true,"href":"http:\/\/www.utsv.com.mx\/wp\/wp-json\/wp\/v2\/comments?post=5291"}],"version-history":[{"count":2,"href":"http:\/\/www.utsv.com.mx\/wp\/wp-json\/wp\/v2\/posts\/5291\/revisions"}],"predecessor-version":[{"id":5295,"href":"http:\/\/www.utsv.com.mx\/wp\/wp-json\/wp\/v2\/posts\/5291\/revisions\/5295"}],"wp:attachment":[{"href":"http:\/\/www.utsv.com.mx\/wp\/wp-json\/wp\/v2\/media?parent=5291"}],"wp:term":[{"taxonomy":"category","embeddable":true,"href":"http:\/\/www.utsv.com.mx\/wp\/wp-json\/wp\/v2\/categories?post=5291"},{"taxonomy":"post_tag","embeddable":true,"href":"http:\/\/www.utsv.com.mx\/wp\/wp-json\/wp\/v2\/tags?post=5291"}],"curies":[{"name":"wp","href":"https:\/\/api.w.org\/{rel}","templated":true}]}}